{"id":6526,"date":"2020-11-30T17:24:00","date_gmt":"2020-11-30T16:24:00","guid":{"rendered":"https:\/\/fondationpacifique.org\/special-mention-of-the-eric-tabarly-2020-award\/"},"modified":"2020-11-30T17:30:58","modified_gmt":"2020-11-30T16:30:58","slug":"special-mention-of-the-eric-tabarly-2020-award","status":"publish","type":"post","link":"https:\/\/pacifique.ch\/en\/special-mention-of-the-eric-tabarly-2020-award\/","title":{"rendered":"Special Mention of the \u00c9ric Tabarly 2020 Award"},"content":{"rendered":"<div class=\"fusion-fullwidth fullwidth-box fusion-builder-row-1 nonhundred-percent-fullwidth non-hundred-percent-height-scrolling\" style=\"--awb-border-radius-top-left:0px;--awb-border-radius-top-right:0px;--awb-border-radius-bottom-right:0px;--awb-border-radius-bottom-left:0px;--awb-flex-wrap:wrap;\" ><div class=\"fusion-builder-row fusion-row\"><div class=\"fusion-layout-column fusion_builder_column fusion-builder-column-0 fusion_builder_column_1_1 1_1 fusion-one-full fusion-column-first fusion-column-last\" style=\"--awb-bg-size:cover;\"><div class=\"fusion-column-wrapper fusion-flex-column-wrapper-legacy\"><div class=\"fusion-text fusion-text-1\"><p>The emotion was palpable when the &#8220;special mention&#8221; of the \u00c9ric Tabarly 2020 prize for best sea book was awarded to the book Dans le miroir de Magellan, le r\u00e9tr\u00e9cissement du monde (In the Mirror of Magellan, the Shrinking of the World) on Tuesday, September 29 in Paris. Awarded by the Naval Academy Alumni Association, the distinction was the subject of an official ceremony in one of the salons of the Military Academy in the presence of representatives of the Pacific Foundation, the publisher Ivan Slatkine and the Cultural Counsellor of the Swiss Embassy in France, Catherine Scharf.<\/p>\n<p>The ceremony was held in a committee that was admittedly small due to the health measures in force, but was accompanied by words of praise for the colorful account of these four and a half years around the world illustrated by the work of the twenty artists who took part in the adventure.<\/p>\n<\/div><div class=\"fusion-clearfix\"><\/div><\/div><\/div><\/div><\/div>\n","protected":false},"excerpt":{"rendered":"","protected":false},"author":4,"featured_media":6031,"comment_status":"closed","ping_status":"closed","sticky":false,"template":"","format":"standard","meta":{"footnotes":""},"categories":[94],"tags":[],"class_list":["post-6526","post","type-post","status-publish","format-standard","has-post-thumbnail","hentry","category-foundation"],"_links":{"self":[{"href":"https:\/\/pacifique.ch\/en\/wp-json\/wp\/v2\/posts\/6526","targetHints":{"allow":["GET"]}}],"collection":[{"href":"https:\/\/pacifique.ch\/en\/wp-json\/wp\/v2\/posts"}],"about":[{"href":"https:\/\/pacifique.ch\/en\/wp-json\/wp\/v2\/types\/post"}],"author":[{"embeddable":true,"href":"https:\/\/pacifique.ch\/en\/wp-json\/wp\/v2\/users\/4"}],"replies":[{"embeddable":true,"href":"https:\/\/pacifique.ch\/en\/wp-json\/wp\/v2\/comments?post=6526"}],"version-history":[{"count":0,"href":"https:\/\/pacifique.ch\/en\/wp-json\/wp\/v2\/posts\/6526\/revisions"}],"wp:featuredmedia":[{"embeddable":true,"href":"https:\/\/pacifique.ch\/en\/wp-json\/wp\/v2\/media\/6031"}],"wp:attachment":[{"href":"https:\/\/pacifique.ch\/en\/wp-json\/wp\/v2\/media?parent=6526"}],"wp:term":[{"taxonomy":"category","embeddable":true,"href":"https:\/\/pacifique.ch\/en\/wp-json\/wp\/v2\/categories?post=6526"},{"taxonomy":"post_tag","embeddable":true,"href":"https:\/\/pacifique.ch\/en\/wp-json\/wp\/v2\/tags?post=6526"}],"curies":[{"name":"wp","href":"https:\/\/api.w.org\/{rel}","templated":true}]}}